{"id":1479,"date":"2020-05-14T23:28:34","date_gmt":"2020-05-14T23:28:34","guid":{"rendered":"http:\/\/www.acone.com.br\/?p=1479"},"modified":"2024-07-03T15:07:31","modified_gmt":"2024-07-03T15:07:31","slug":"gestao-em-saude-publica","status":"publish","type":"post","link":"https:\/\/www.acone.com.br\/?p=1479","title":{"rendered":"Gest\u00e3o em Sa\u00fade P\u00fablica"},"content":{"rendered":"<p>[et_pb_section fb_built=&#8221;1&#8243; admin_label=&#8221;Get Started&#8221; _builder_version=&#8221;4.16&#8243; custom_padding=&#8221;0px||||false|false&#8221; saved_tabs=&#8221;all&#8221; global_colors_info=&#8221;{}&#8221;][et_pb_row use_custom_gutter=&#8221;on&#8221; gutter_width=&#8221;2&#8243; _builder_version=&#8221;4.16&#8243; max_width=&#8221;1700px&#8221; custom_margin=&#8221;|||&#8221; custom_padding=&#8221;0px||0px|||&#8221; use_custom_width=&#8221;on&#8221; custom_width_px=&#8221;1700px&#8221; global_colors_info=&#8221;{}&#8221;][et_pb_column type=&#8221;4_4&#8243; _builder_version=&#8221;4.16&#8243; custom_padding=&#8221;|||&#8221; global_colors_info=&#8221;{}&#8221; custom_padding__hover=&#8221;|||&#8221;][et_pb_text _builder_version=&#8221;4.24.2&#8243; hover_enabled=&#8221;0&#8243; global_colors_info=&#8221;{}&#8221; sticky_enabled=&#8221;0&#8243;]<\/p>\n<h3><b>O que \u00e9 Gest\u00e3o em Sa\u00fade P\u00fablica<\/b><\/h3>\n<p><b><\/b><\/p>\n<p><span style=\"font-weight: 400;\">A gest\u00e3o em sa\u00fade p\u00fablica busca gerenciar as necessidades de uma institui\u00e7\u00e3o de sa\u00fade p\u00fablica, garantindo que as necessidades dos usu\u00e1rios sejam atendidas de modo satisfat\u00f3rio. Dessa forma, a gest\u00e3o \u00e9 respons\u00e1vel, de modo geral, por gerenciar os recursos, criar planos de a\u00e7\u00e3o e viabilizar servi\u00e7os para uma determinada institui\u00e7\u00e3o, sempre respeitando os planos or\u00e7ament\u00e1rios. Essa \u00e9 uma \u00e1rea ampla que, al\u00e9m dessas fun\u00e7\u00f5es, tamb\u00e9m visa a promo\u00e7\u00e3o de pol\u00edticas que fiscalizem os planos de a\u00e7\u00e3o apresentados, bem como metodologias criadas para a realiza\u00e7\u00e3o das metas e objetivos.<\/span><\/p>\n<p style=\"text-align: justify;\">[\/et_pb_text][et_pb_text _builder_version=&#8221;4.24.2&#8243; hover_enabled=&#8221;0&#8243; global_colors_info=&#8221;{}&#8221; sticky_enabled=&#8221;0&#8243;]<\/p>\n<h3><b><\/b><\/h3>\n<h3><b>O SUS e a Gest\u00e3o em Sa\u00fade P\u00fablica<\/b><\/h3>\n<p><b><\/b><\/p>\n<p><span style=\"font-weight: 400;\">Segundo a OMS (Organiza\u00e7\u00e3o Mundial da Sa\u00fade), o SUS (Sistema \u00danico de Sa\u00fade) \u00e9 considerado o maior sistema de sa\u00fade p\u00fablica do mundo. Criado no Brasil em meados da d\u00e9cada de 90, o SUS est\u00e1 presente em todo o territ\u00f3rio nacional, com o intuito de garantir a promo\u00e7\u00e3o da sa\u00fade de todos os cidad\u00e3os de forma universal.<\/span><\/p>\n<p><span style=\"font-weight: 400;\">Como o SUS pertence a um pa\u00eds gigante como o Brasil, sua organiza\u00e7\u00e3o, enquanto institui\u00e7\u00e3o, deve ser descentralizada em prol da organiza\u00e7\u00e3o de seu funcionamento. \u00c9 neste ponto que a gest\u00e3o em sa\u00fade p\u00fablica se faz presente, demonstrando sua import\u00e2ncia. Cada estado, munic\u00edpio e regi\u00e3o compreendem melhor suas necessidades, gargalos e oportunidades de investimento.<\/span><\/p>\n<p>[\/et_pb_text][et_pb_text _builder_version=&#8221;4.24.2&#8243; hover_enabled=&#8221;0&#8243; global_colors_info=&#8221;{}&#8221; sticky_enabled=&#8221;0&#8243;]<\/p>\n<h3><\/h3>\n<h3><b><\/b><\/h3>\n<h3><b>Gest\u00e3o em Sa\u00fade P\u00fablica na Pr\u00e1tica<\/b><\/h3>\n<p><b><\/b><\/p>\n<p><span style=\"font-weight: 400;\">A gest\u00e3o em sa\u00fade p\u00fablica funciona de modo pr\u00e1tico atrav\u00e9s de indicadores de desempenho. Assim como outras institui\u00e7\u00f5es p\u00fablicas possuem question\u00e1rios, caixas de sugest\u00f5es e e-mails espec\u00edficos para ouvir as opini\u00f5es de seu p\u00fablico-alvo, uma gest\u00e3o em sa\u00fade de qualquer hospital p\u00fablico tamb\u00e9m tem seus m\u00e9todos para atender as necessidades do p\u00fablico. E n\u00e3o s\u00f3 as necessidades do p\u00fablico-alvo, como tamb\u00e9m dos funcion\u00e1rios que trabalham em uma institui\u00e7\u00e3o deste tipo, desde materiais como os EPI\u2019s at\u00e9 recursos e equipamentos necess\u00e1rios para o funcionamento da institui\u00e7\u00e3o.<\/span><\/p>\n<p><span style=\"font-weight: 400;\">A gest\u00e3o em sa\u00fade p\u00fablica, como mencionado anteriormente, tem um perfil amplo voltado para diferentes frentes da sa\u00fade p\u00fablica do pa\u00eds, atuando, por exemplo, na \u00e1rea farmac\u00eautica, no controle e planejamento das verbas voltadas para sa\u00fade, maternidades, sa\u00fade ind\u00edgena e at\u00e9 nos processos estat\u00edsticos de indicadores de sa\u00fade.<\/span><\/p>\n<p><span style=\"font-weight: 400;\">Outro ponto a ser destacado s\u00e3o as parcerias entre empresas privadas e p\u00fablicas, que se d\u00e3o a partir de contratos. Um exemplo disso s\u00e3o os contratos com empresas que viabilizam a automatiza\u00e7\u00e3o do tempo de espera, agendamento de consultas, organiza\u00e7\u00e3o dos prontu\u00e1rios, seguran\u00e7a, limpeza e outros servi\u00e7os que podem ser terceirizados.<\/span><\/p>\n<p><span style=\"font-weight: 400;\">A ACONE tem trabalhado em prol de uma melhoria dos sistemas de sa\u00fade p\u00fablica, oferecendo aos munic\u00edpios a chance de otimizar a utiliza\u00e7\u00e3o de seus recursos, pessoal e tempo. As solu\u00e7\u00f5es propostas por esta empresa s\u00e3o moldadas a partir das necessidades do cliente.<\/span><\/p>\n<p style=\"text-align: justify;\">[\/et_pb_text][et_pb_text _builder_version=&#8221;4.24.2&#8243; hover_enabled=&#8221;0&#8243; global_colors_info=&#8221;{}&#8221; sticky_enabled=&#8221;0&#8243;]<\/p>\n<h3><b><\/b><\/h3>\n<h3><b>A Tecnologia a Favor da Gest\u00e3o em Sa\u00fade P\u00fablica<\/b><\/h3>\n<p><b><\/b><\/p>\n<p><span style=\"font-weight: 400;\">Podemos abordar o \u00faltimo, e n\u00e3o menos importante, t\u00f3pico em duas vertentes que se relacionam em diferentes momentos para a mobilidade log\u00edstica e automatiza\u00e7\u00e3o do tempo na gest\u00e3o p\u00fablica: os mecanismos tecnol\u00f3gicos de gest\u00e3o e o agendamento de consultas. Na primeira vertente, temos programas de computador que facilitam a organiza\u00e7\u00e3o dos dados, como os prontu\u00e1rios eletr\u00f4nicos e a organiza\u00e7\u00e3o dos leitos de UTI. \u00c9 v\u00e1lido pontuar que esses mecanismos se relacionam e se complementam, por isso a segunda vertente, o agendamento de consultas, depende de alguns programas de gest\u00e3o que viabilizam melhor controle da cria\u00e7\u00e3o de senhas, o agendamento de exames e a organiza\u00e7\u00e3o das filas de espera.<\/span><\/p>\n<p><span style=\"font-weight: 400;\">Os aparatos tecnol\u00f3gicos ainda s\u00e3o considerados uma novidade na gest\u00e3o em sa\u00fade p\u00fablica do pa\u00eds, mas j\u00e1 fazem grandes diferen\u00e7as nos setores em que se fazem presentes. J\u00e1 \u00e9 poss\u00edvel ver em algumas unidades b\u00e1sicas de sa\u00fade de algumas capitais, como Aracaju, o agendamento de consultas e a organiza\u00e7\u00e3o de senhas de modo eletr\u00f4nico. Nesses lugares, foi poss\u00edvel observar a diminui\u00e7\u00e3o das filas de espera para atendimentos e exames. Entre 2012 e 2016, a ACONE ajudou o estado de Sergipe a implementar uma central estadual para a regula\u00e7\u00e3o de procedimentos AMB, APAC e AIH.<\/span><\/p>\n<p><span style=\"font-weight: 400;\">Para esta e outras solu\u00e7\u00f5es na \u00e1rea de sa\u00fade, a ACONE est\u00e1 aqui. Entre em contato e encontraremos a melhor maneira de melhorar a gest\u00e3o em sa\u00fade p\u00fablica do seu munic\u00edpio.<\/span><\/p>\n<p style=\"text-align: justify;\">\n<p style=\"text-align: justify;\">\n<p style=\"text-align: justify;\">[\/et_pb_text][et_pb_button button_text=&#8221;Entrar em contato&#8221; button_alignment=&#8221;center&#8221; _builder_version=&#8221;4.16&#8243; custom_button=&#8221;on&#8221; button_text_size=&#8221;14px&#8221; button_bg_use_color_gradient=&#8221;on&#8221; button_bg_color_gradient_direction=&#8221;90deg&#8221; button_bg_color_gradient_stops=&#8221;#003E3E 0%|#008B8B 100%&#8221; button_bg_color_gradient_start=&#8221;#003E3E&#8221; button_bg_color_gradient_end=&#8221;#008B8B&#8221; button_border_width=&#8221;0px&#8221; button_border_color=&#8221;rgba(0,0,0,0)&#8221; button_border_radius=&#8221;4px&#8221; button_letter_spacing=&#8221;5px&#8221; button_font=&#8221;Roboto|700||on|||||&#8221; background_layout=&#8221;dark&#8221; custom_margin=&#8221;|||&#8221; custom_padding=&#8221;18px|34px|18px|34px|true|true&#8221; button_bg_color_gradient_stops_tablet=&#8221;#003E3E 0%|#008B8B 100%&#8221; button_bg_color_gradient_stops_phone=&#8221;#003E3E 0%|#008B8B 100%&#8221; box_shadow_style=&#8221;preset3&#8243; box_shadow_vertical=&#8221;20px&#8221; box_shadow_blur=&#8221;30px&#8221; box_shadow_spread=&#8221;-10px&#8221; box_shadow_color=&#8221;rgba(12,53,7,0.4)&#8221; button_letter_spacing_hover=&#8221;5.5px&#8221; global_module=&#8221;1466&#8243; locked=&#8221;off&#8221; global_colors_info=&#8221;{}&#8221; button_text_size__hover_enabled=&#8221;off&#8221; button_one_text_size__hover_enabled=&#8221;off&#8221; button_two_text_size__hover_enabled=&#8221;off&#8221; button_text_color__hover_enabled=&#8221;off&#8221; button_one_text_color__hover_enabled=&#8221;off&#8221; button_two_text_color__hover_enabled=&#8221;off&#8221; button_border_width__hover_enabled=&#8221;off&#8221; button_one_border_width__hover_enabled=&#8221;off&#8221; button_two_border_width__hover_enabled=&#8221;off&#8221; button_border_color__hover_enabled=&#8221;off&#8221; button_one_border_color__hover_enabled=&#8221;off&#8221; button_two_border_color__hover_enabled=&#8221;off&#8221; button_border_radius__hover_enabled=&#8221;off&#8221; button_one_border_radius__hover_enabled=&#8221;off&#8221; button_two_border_radius__hover_enabled=&#8221;off&#8221; button_letter_spacing__hover_enabled=&#8221;on&#8221; button_letter_spacing__hover=&#8221;5.5px&#8221; button_one_letter_spacing__hover_enabled=&#8221;off&#8221; button_two_letter_spacing__hover_enabled=&#8221;off&#8221; button_bg_color__hover_enabled=&#8221;off&#8221; button_one_bg_color__hover_enabled=&#8221;off&#8221; button_two_bg_color__hover_enabled=&#8221;off&#8221;][\/et_pb_button][\/et_pb_column][\/et_pb_row][\/et_pb_section]<\/p>\n","protected":false},"excerpt":{"rendered":"<p>O que \u00e9 Gest\u00e3o em Sa\u00fade P\u00fablica A gest\u00e3o em sa\u00fade p\u00fablica busca gerenciar as necessidades de uma institui\u00e7\u00e3o de sa\u00fade p\u00fablica, garantindo que as necessidades dos usu\u00e1rios sejam atendidas de modo satisfat\u00f3rio. Dessa forma, a gest\u00e3o \u00e9 respons\u00e1vel, de modo geral, por gerenciar os recursos, criar planos de a\u00e7\u00e3o e viabilizar servi\u00e7os para uma [&hellip;]<\/p>\n","protected":false},"author":1,"featured_media":0,"comment_status":"open","ping_status":"open","sticky":false,"template":"","format":"standard","meta":{"_et_pb_use_builder":"on","_et_pb_old_content":"","_et_gb_content_width":"","footnotes":""},"categories":[18],"tags":[],"class_list":["post-1479","post","type-post","status-publish","format-standard","hentry","category-solucoes-acone"],"yoast_head":"<!-- This site is optimized with the Yoast SEO plugin v22.2 - https:\/\/yoast.com\/wordpress\/plugins\/seo\/ -->\n<title>Gest\u00e3o em Sa\u00fade P\u00fablica | Como otimizar a gest\u00e3o do seu munic\u00edpio<\/title>\n<meta name=\"description\" content=\"Gest\u00e3o em Sa\u00fade P\u00fablica \u00e9 uma \u00e1rea ampla onde muito se perde quando n\u00e3o h\u00e1 uma otimiza\u00e7\u00e3o com a ajuda das ferramentas que as novas tecnologias trazem\" \/>\n<meta name=\"robots\" content=\"index, follow, max-snippet:-1, max-image-preview:large, max-video-preview:-1\" \/>\n<link rel=\"canonical\" href=\"https:\/\/www.acone.com.br\/?p=1479\" \/>\n<meta property=\"og:locale\" content=\"pt_BR\" \/>\n<meta property=\"og:type\" content=\"article\" \/>\n<meta property=\"og:title\" content=\"Gest\u00e3o em Sa\u00fade P\u00fablica | Como otimizar a gest\u00e3o do seu munic\u00edpio\" \/>\n<meta property=\"og:description\" content=\"Gest\u00e3o em Sa\u00fade P\u00fablica \u00e9 uma \u00e1rea ampla onde muito se perde quando n\u00e3o h\u00e1 uma otimiza\u00e7\u00e3o com a ajuda das ferramentas que as novas tecnologias trazem\" \/>\n<meta property=\"og:url\" content=\"https:\/\/www.acone.com.br\/?p=1479\" \/>\n<meta property=\"og:site_name\" content=\"Acone\" \/>\n<meta property=\"article:published_time\" content=\"2020-05-14T23:28:34+00:00\" \/>\n<meta property=\"article:modified_time\" content=\"2024-07-03T15:07:31+00:00\" \/>\n<meta name=\"author\" content=\"admin\" \/>\n<meta name=\"twitter:card\" content=\"summary_large_image\" \/>\n<meta name=\"twitter:label1\" content=\"Escrito por\" \/>\n\t<meta name=\"twitter:data1\" content=\"admin\" \/>\n\t<meta name=\"twitter:label2\" content=\"Est. tempo de leitura\" \/>\n\t<meta name=\"twitter:data2\" content=\"6 minutos\" \/>\n<script type=\"application\/ld+json\" class=\"yoast-schema-graph\">{\"@context\":\"https:\/\/schema.org\",\"@graph\":[{\"@type\":\"WebPage\",\"@id\":\"https:\/\/www.acone.com.br\/?p=1479\",\"url\":\"https:\/\/www.acone.com.br\/?p=1479\",\"name\":\"Gest\u00e3o em Sa\u00fade P\u00fablica | Como otimizar a gest\u00e3o do seu munic\u00edpio\",\"isPartOf\":{\"@id\":\"https:\/\/www.acone.com.br\/#website\"},\"datePublished\":\"2020-05-14T23:28:34+00:00\",\"dateModified\":\"2024-07-03T15:07:31+00:00\",\"author\":{\"@id\":\"https:\/\/www.acone.com.br\/#\/schema\/person\/3ac7edcc7d2c39f139168635f03cb865\"},\"description\":\"Gest\u00e3o em Sa\u00fade P\u00fablica \u00e9 uma \u00e1rea ampla onde muito se perde quando n\u00e3o h\u00e1 uma otimiza\u00e7\u00e3o com a ajuda das ferramentas que as novas tecnologias trazem\",\"breadcrumb\":{\"@id\":\"https:\/\/www.acone.com.br\/?p=1479#breadcrumb\"},\"inLanguage\":\"pt-BR\",\"potentialAction\":[{\"@type\":\"ReadAction\",\"target\":[\"https:\/\/www.acone.com.br\/?p=1479\"]}]},{\"@type\":\"BreadcrumbList\",\"@id\":\"https:\/\/www.acone.com.br\/?p=1479#breadcrumb\",\"itemListElement\":[{\"@type\":\"ListItem\",\"position\":1,\"name\":\"In\u00edcio\",\"item\":\"https:\/\/www.acone.com.br\/\"},{\"@type\":\"ListItem\",\"position\":2,\"name\":\"Gest\u00e3o em Sa\u00fade P\u00fablica\"}]},{\"@type\":\"WebSite\",\"@id\":\"https:\/\/www.acone.com.br\/#website\",\"url\":\"https:\/\/www.acone.com.br\/\",\"name\":\"Guincho Aracaju\",\"description\":\"Acone Assessoria e Consultoria Empresarial LTDA\",\"potentialAction\":[{\"@type\":\"SearchAction\",\"target\":{\"@type\":\"EntryPoint\",\"urlTemplate\":\"https:\/\/www.acone.com.br\/?s={search_term_string}\"},\"query-input\":\"required name=search_term_string\"}],\"inLanguage\":\"pt-BR\"},{\"@type\":\"Person\",\"@id\":\"https:\/\/www.acone.com.br\/#\/schema\/person\/3ac7edcc7d2c39f139168635f03cb865\",\"name\":\"admin\",\"image\":{\"@type\":\"ImageObject\",\"inLanguage\":\"pt-BR\",\"@id\":\"https:\/\/www.acone.com.br\/#\/schema\/person\/image\/\",\"url\":\"https:\/\/secure.gravatar.com\/avatar\/407f37f5c7b8ffc4074e13b2a7299f38?s=96&d=mm&r=g\",\"contentUrl\":\"https:\/\/secure.gravatar.com\/avatar\/407f37f5c7b8ffc4074e13b2a7299f38?s=96&d=mm&r=g\",\"caption\":\"admin\"}}]}<\/script>\n<!-- \/ Yoast SEO plugin. -->","yoast_head_json":{"title":"Gest\u00e3o em Sa\u00fade P\u00fablica | Como otimizar a gest\u00e3o do seu munic\u00edpio","description":"Gest\u00e3o em Sa\u00fade P\u00fablica \u00e9 uma \u00e1rea ampla onde muito se perde quando n\u00e3o h\u00e1 uma otimiza\u00e7\u00e3o com a ajuda das ferramentas que as novas tecnologias trazem","robots":{"index":"index","follow":"follow","max-snippet":"max-snippet:-1","max-image-preview":"max-image-preview:large","max-video-preview":"max-video-preview:-1"},"canonical":"https:\/\/www.acone.com.br\/?p=1479","og_locale":"pt_BR","og_type":"article","og_title":"Gest\u00e3o em Sa\u00fade P\u00fablica | Como otimizar a gest\u00e3o do seu munic\u00edpio","og_description":"Gest\u00e3o em Sa\u00fade P\u00fablica \u00e9 uma \u00e1rea ampla onde muito se perde quando n\u00e3o h\u00e1 uma otimiza\u00e7\u00e3o com a ajuda das ferramentas que as novas tecnologias trazem","og_url":"https:\/\/www.acone.com.br\/?p=1479","og_site_name":"Acone","article_published_time":"2020-05-14T23:28:34+00:00","article_modified_time":"2024-07-03T15:07:31+00:00","author":"admin","twitter_card":"summary_large_image","twitter_misc":{"Escrito por":"admin","Est. tempo de leitura":"6 minutos"},"schema":{"@context":"https:\/\/schema.org","@graph":[{"@type":"WebPage","@id":"https:\/\/www.acone.com.br\/?p=1479","url":"https:\/\/www.acone.com.br\/?p=1479","name":"Gest\u00e3o em Sa\u00fade P\u00fablica | Como otimizar a gest\u00e3o do seu munic\u00edpio","isPartOf":{"@id":"https:\/\/www.acone.com.br\/#website"},"datePublished":"2020-05-14T23:28:34+00:00","dateModified":"2024-07-03T15:07:31+00:00","author":{"@id":"https:\/\/www.acone.com.br\/#\/schema\/person\/3ac7edcc7d2c39f139168635f03cb865"},"description":"Gest\u00e3o em Sa\u00fade P\u00fablica \u00e9 uma \u00e1rea ampla onde muito se perde quando n\u00e3o h\u00e1 uma otimiza\u00e7\u00e3o com a ajuda das ferramentas que as novas tecnologias trazem","breadcrumb":{"@id":"https:\/\/www.acone.com.br\/?p=1479#breadcrumb"},"inLanguage":"pt-BR","potentialAction":[{"@type":"ReadAction","target":["https:\/\/www.acone.com.br\/?p=1479"]}]},{"@type":"BreadcrumbList","@id":"https:\/\/www.acone.com.br\/?p=1479#breadcrumb","itemListElement":[{"@type":"ListItem","position":1,"name":"In\u00edcio","item":"https:\/\/www.acone.com.br\/"},{"@type":"ListItem","position":2,"name":"Gest\u00e3o em Sa\u00fade P\u00fablica"}]},{"@type":"WebSite","@id":"https:\/\/www.acone.com.br\/#website","url":"https:\/\/www.acone.com.br\/","name":"Guincho Aracaju","description":"Acone Assessoria e Consultoria Empresarial LTDA","potentialAction":[{"@type":"SearchAction","target":{"@type":"EntryPoint","urlTemplate":"https:\/\/www.acone.com.br\/?s={search_term_string}"},"query-input":"required name=search_term_string"}],"inLanguage":"pt-BR"},{"@type":"Person","@id":"https:\/\/www.acone.com.br\/#\/schema\/person\/3ac7edcc7d2c39f139168635f03cb865","name":"admin","image":{"@type":"ImageObject","inLanguage":"pt-BR","@id":"https:\/\/www.acone.com.br\/#\/schema\/person\/image\/","url":"https:\/\/secure.gravatar.com\/avatar\/407f37f5c7b8ffc4074e13b2a7299f38?s=96&d=mm&r=g","contentUrl":"https:\/\/secure.gravatar.com\/avatar\/407f37f5c7b8ffc4074e13b2a7299f38?s=96&d=mm&r=g","caption":"admin"}}]}},"_links":{"self":[{"href":"https:\/\/www.acone.com.br\/index.php?rest_route=\/wp\/v2\/posts\/1479","targetHints":{"allow":["GET"]}}],"collection":[{"href":"https:\/\/www.acone.com.br\/index.php?rest_route=\/wp\/v2\/posts"}],"about":[{"href":"https:\/\/www.acone.com.br\/index.php?rest_route=\/wp\/v2\/types\/post"}],"author":[{"embeddable":true,"href":"https:\/\/www.acone.com.br\/index.php?rest_route=\/wp\/v2\/users\/1"}],"replies":[{"embeddable":true,"href":"https:\/\/www.acone.com.br\/index.php?rest_route=%2Fwp%2Fv2%2Fcomments&post=1479"}],"version-history":[{"count":4,"href":"https:\/\/www.acone.com.br\/index.php?rest_route=\/wp\/v2\/posts\/1479\/revisions"}],"predecessor-version":[{"id":1956,"href":"https:\/\/www.acone.com.br\/index.php?rest_route=\/wp\/v2\/posts\/1479\/revisions\/1956"}],"wp:attachment":[{"href":"https:\/\/www.acone.com.br\/index.php?rest_route=%2Fwp%2Fv2%2Fmedia&parent=1479"}],"wp:term":[{"taxonomy":"category","embeddable":true,"href":"https:\/\/www.acone.com.br\/index.php?rest_route=%2Fwp%2Fv2%2Fcategories&post=1479"},{"taxonomy":"post_tag","embeddable":true,"href":"https:\/\/www.acone.com.br\/index.php?rest_route=%2Fwp%2Fv2%2Ftags&post=1479"}],"curies":[{"name":"wp","href":"https:\/\/api.w.org\/{rel}","templated":true}]}}